{"id":14208,"date":"2024-04-17T10:50:29","date_gmt":"2024-04-17T10:50:29","guid":{"rendered":"https:\/\/www.vinhosdoalgarve.pt\/?p=14208"},"modified":"2024-04-17T10:52:31","modified_gmt":"2024-04-17T10:52:31","slug":"les-inscriptions-sont-ouvertes-pour-la-xvie-edition-du-concours-de-vins-de-lalgarve","status":"publish","type":"post","link":"https:\/\/www.vinhosdoalgarve.pt\/fr\/les-inscriptions-sont-ouvertes-pour-la-xvie-edition-du-concours-de-vins-de-lalgarve\/","title":{"rendered":"Les inscriptions sont ouvertes pour la XVIe \u00e9dition du Concours de Vins de l&rsquo;Algarve"},"content":{"rendered":"\t\t<div data-elementor-type=\"wp-post\" data-elementor-id=\"14208\" class=\"elementor elementor-14208\">\n\t\t\t\t<div class=\"elementor-element elementor-element-9e70061 e-flex e-con-boxed e-con e-parent\" data-id=\"9e70061\" data-element_type=\"container\">\n\t\t\t\t\t<div class=\"e-con-inner\">\n\t\t\t\t<div class=\"elementor-element elementor-element-76ae068 elementor-widget elementor-widget-text-editor\" data-id=\"76ae068\" data-element_type=\"widget\" data-widget_type=\"text-editor.default\">\n\t\t\t\t<div class=\"elementor-widget-container\">\n\t\t\t\t\t\t\t\t\t<p>La XVIe \u00e9dition du Concours des Vins de l&rsquo;Algarve se d\u00e9roulera le 24 mai prochain \u00e0 Lagoa.<\/p><p>Une initiative de la Commission Vitivinicole de l&rsquo;Algarve, avec le soutien de la Municipalit\u00e9 de Lagoa, qui s&rsquo;engage \u00e0 distinguer et \u00e0 promouvoir les meilleurs vins embouteill\u00e9s de la r\u00e9gion.<\/p><p>Le concours vise \u00e9galement \u00e0 stimuler la production de vins de qualit\u00e9 et \u00e0 r\u00e9compenser les meilleurs de la r\u00e9gion. Les inscriptions sont d\u00e9j\u00e0 ouvertes.<\/p><p><strong>Participez et faites d\u00e9couvrir le meilleur de la r\u00e9gion.<\/strong><\/p><p><span style=\"text-decoration: underline;\"><em>Pour plus d&rsquo;informations, veuillez consulter le r\u00e8glement et le formulaire d&rsquo;inscription ci-dessous :<\/em><\/span><\/p><ul><li><span style=\"text-decoration: underline;\"><strong><a href=\"https:\/\/www.vinhosdoalgarve.pt\/wp-content\/uploads\/2024\/04\/Ficha-de-inscricao-XVI_-Concurso-de-Vinhos-do-Algarve-2024.docx\">Fiche d&rsquo;Inscription<\/a><\/strong><\/span><\/li><li><a href=\"https:\/\/www.vinhosdoalgarve.pt\/wp-content\/uploads\/2024\/04\/Regulamento-XVI-CONCURSO-DE-VINHOS-DO-ALGARVE-2024.pdf\"><strong><span style=\"text-decoration: underline;\">R\u00e8glement du Concours<\/span><\/strong><\/a><\/li><\/ul>\t\t\t\t\t\t\t\t<\/div>\n\t\t\t\t<\/div>\n\t\t\t\t\t<\/div>\n\t\t\t\t<\/div>\n\t\t\t\t<\/div>\n\t\t","protected":false},"excerpt":{"rendered":"<p>Les inscriptions sont ouvertes pour la XVIe \u00e9dition du Concours de Vins de l&rsquo;Algarve<\/p>\n","protected":false},"author":3,"featured_media":13972,"comment_status":"closed","ping_status":"closed","sticky":false,"template":"","format":"standard","meta":{"_acf_changed":false,"inline_featured_image":false,"footnotes":""},"categories":[92,93,90,97],"tags":[],"class_list":["post-14208","post","type-post","status-publish","format-standard","has-post-thumbnail","hentry","category-concours-de-vin","category-evenements","category-la-commission","category-region"],"acf":[],"yoast_head":"<!-- This site is optimized with the Yoast SEO plugin v26.7 - https:\/\/yoast.com\/wordpress\/plugins\/seo\/ -->\n<title>Les inscriptions sont ouvertes pour la XVIe \u00e9dition du Concours de Vins de l&#039;Algarve - Comiss\u00e3o de Vinhos do Algarve<\/title>\n<meta name=\"robots\" content=\"index, follow, max-snippet:-1, max-image-preview:large, max-video-preview:-1\" \/>\n<link rel=\"canonical\" href=\"https:\/\/www.vinhosdoalgarve.pt\/fr\/les-inscriptions-sont-ouvertes-pour-la-xvie-edition-du-concours-de-vins-de-lalgarve\/\" \/>\n<meta property=\"og:locale\" content=\"fr_FR\" \/>\n<meta property=\"og:type\" content=\"article\" \/>\n<meta property=\"og:title\" content=\"Les inscriptions sont ouvertes pour la XVIe \u00e9dition du Concours de Vins de l&#039;Algarve - Comiss\u00e3o de Vinhos do Algarve\" \/>\n<meta property=\"og:description\" content=\"Les inscriptions sont ouvertes pour la XVIe \u00e9dition du Concours de Vins de l&#039;Algarve\" \/>\n<meta property=\"og:url\" content=\"https:\/\/www.vinhosdoalgarve.pt\/fr\/les-inscriptions-sont-ouvertes-pour-la-xvie-edition-du-concours-de-vins-de-lalgarve\/\" \/>\n<meta property=\"og:site_name\" content=\"Comiss\u00e3o de Vinhos do Algarve\" \/>\n<meta property=\"article:published_time\" content=\"2024-04-17T10:50:29+00:00\" \/>\n<meta property=\"article:modified_time\" content=\"2024-04-17T10:52:31+00:00\" \/>\n<meta property=\"og:image\" content=\"https:\/\/www.vinhosdoalgarve.pt\/wp-content\/uploads\/2024\/04\/421930536_1194153005272008_436204752105462707_n.jpg\" \/>\n\t<meta property=\"og:image:width\" content=\"1080\" \/>\n\t<meta property=\"og:image:height\" content=\"810\" \/>\n\t<meta property=\"og:image:type\" content=\"image\/jpeg\" \/>\n<meta name=\"author\" content=\"Eurico\" \/>\n<meta name=\"twitter:card\" content=\"summary_large_image\" \/>\n<meta name=\"twitter:label1\" content=\"\u00c9crit par\" \/>\n\t<meta name=\"twitter:data1\" content=\"Eurico\" \/>\n\t<meta name=\"twitter:label2\" content=\"Dur\u00e9e de lecture estim\u00e9e\" \/>\n\t<meta name=\"twitter:data2\" content=\"1 minute\" \/>\n<script type=\"application\/ld+json\" class=\"yoast-schema-graph\">{\"@context\":\"https:\/\/schema.org\",\"@graph\":[{\"@type\":\"Article\",\"@id\":\"https:\/\/www.vinhosdoalgarve.pt\/fr\/les-inscriptions-sont-ouvertes-pour-la-xvie-edition-du-concours-de-vins-de-lalgarve\/#article\",\"isPartOf\":{\"@id\":\"https:\/\/www.vinhosdoalgarve.pt\/fr\/les-inscriptions-sont-ouvertes-pour-la-xvie-edition-du-concours-de-vins-de-lalgarve\/\"},\"author\":{\"name\":\"Eurico\",\"@id\":\"https:\/\/www.vinhosdoalgarve.pt\/fr\/#\/schema\/person\/7fbdb5c90aba242e670ad51203903fe5\"},\"headline\":\"Les inscriptions sont ouvertes pour la XVIe \u00e9dition du Concours de Vins de l&rsquo;Algarve\",\"datePublished\":\"2024-04-17T10:50:29+00:00\",\"dateModified\":\"2024-04-17T10:52:31+00:00\",\"mainEntityOfPage\":{\"@id\":\"https:\/\/www.vinhosdoalgarve.pt\/fr\/les-inscriptions-sont-ouvertes-pour-la-xvie-edition-du-concours-de-vins-de-lalgarve\/\"},\"wordCount\":116,\"publisher\":{\"@id\":\"https:\/\/www.vinhosdoalgarve.pt\/fr\/#organization\"},\"image\":{\"@id\":\"https:\/\/www.vinhosdoalgarve.pt\/fr\/les-inscriptions-sont-ouvertes-pour-la-xvie-edition-du-concours-de-vins-de-lalgarve\/#primaryimage\"},\"thumbnailUrl\":\"https:\/\/www.vinhosdoalgarve.pt\/wp-content\/uploads\/2024\/04\/421930536_1194153005272008_436204752105462707_n.jpg\",\"articleSection\":[\"Concours de Vin\",\"\u00c9v\u00e9nements\",\"La Commission\",\"R\u00e9gion\"],\"inLanguage\":\"fr-FR\"},{\"@type\":\"WebPage\",\"@id\":\"https:\/\/www.vinhosdoalgarve.pt\/fr\/les-inscriptions-sont-ouvertes-pour-la-xvie-edition-du-concours-de-vins-de-lalgarve\/\",\"url\":\"https:\/\/www.vinhosdoalgarve.pt\/fr\/les-inscriptions-sont-ouvertes-pour-la-xvie-edition-du-concours-de-vins-de-lalgarve\/\",\"name\":\"Les inscriptions sont ouvertes pour la XVIe \u00e9dition du Concours de Vins de l'Algarve - Comiss\u00e3o de Vinhos do Algarve\",\"isPartOf\":{\"@id\":\"https:\/\/www.vinhosdoalgarve.pt\/fr\/#website\"},\"primaryImageOfPage\":{\"@id\":\"https:\/\/www.vinhosdoalgarve.pt\/fr\/les-inscriptions-sont-ouvertes-pour-la-xvie-edition-du-concours-de-vins-de-lalgarve\/#primaryimage\"},\"image\":{\"@id\":\"https:\/\/www.vinhosdoalgarve.pt\/fr\/les-inscriptions-sont-ouvertes-pour-la-xvie-edition-du-concours-de-vins-de-lalgarve\/#primaryimage\"},\"thumbnailUrl\":\"https:\/\/www.vinhosdoalgarve.pt\/wp-content\/uploads\/2024\/04\/421930536_1194153005272008_436204752105462707_n.jpg\",\"datePublished\":\"2024-04-17T10:50:29+00:00\",\"dateModified\":\"2024-04-17T10:52:31+00:00\",\"breadcrumb\":{\"@id\":\"https:\/\/www.vinhosdoalgarve.pt\/fr\/les-inscriptions-sont-ouvertes-pour-la-xvie-edition-du-concours-de-vins-de-lalgarve\/#breadcrumb\"},\"inLanguage\":\"fr-FR\",\"potentialAction\":[{\"@type\":\"ReadAction\",\"target\":[\"https:\/\/www.vinhosdoalgarve.pt\/fr\/les-inscriptions-sont-ouvertes-pour-la-xvie-edition-du-concours-de-vins-de-lalgarve\/\"]}]},{\"@type\":\"ImageObject\",\"inLanguage\":\"fr-FR\",\"@id\":\"https:\/\/www.vinhosdoalgarve.pt\/fr\/les-inscriptions-sont-ouvertes-pour-la-xvie-edition-du-concours-de-vins-de-lalgarve\/#primaryimage\",\"url\":\"https:\/\/www.vinhosdoalgarve.pt\/wp-content\/uploads\/2024\/04\/421930536_1194153005272008_436204752105462707_n.jpg\",\"contentUrl\":\"https:\/\/www.vinhosdoalgarve.pt\/wp-content\/uploads\/2024\/04\/421930536_1194153005272008_436204752105462707_n.jpg\",\"width\":1080,\"height\":810},{\"@type\":\"BreadcrumbList\",\"@id\":\"https:\/\/www.vinhosdoalgarve.pt\/fr\/les-inscriptions-sont-ouvertes-pour-la-xvie-edition-du-concours-de-vins-de-lalgarve\/#breadcrumb\",\"itemListElement\":[{\"@type\":\"ListItem\",\"position\":1,\"name\":\"Home\",\"item\":\"https:\/\/www.vinhosdoalgarve.pt\/fr\/\"},{\"@type\":\"ListItem\",\"position\":2,\"name\":\"Les inscriptions sont ouvertes pour la XVIe \u00e9dition du Concours de Vins de l&#8217;Algarve\"}]},{\"@type\":\"WebSite\",\"@id\":\"https:\/\/www.vinhosdoalgarve.pt\/fr\/#website\",\"url\":\"https:\/\/www.vinhosdoalgarve.pt\/fr\/\",\"name\":\"Comiss\u00e3o de Vinhos do Algarve\",\"description\":\"\",\"publisher\":{\"@id\":\"https:\/\/www.vinhosdoalgarve.pt\/fr\/#organization\"},\"potentialAction\":[{\"@type\":\"SearchAction\",\"target\":{\"@type\":\"EntryPoint\",\"urlTemplate\":\"https:\/\/www.vinhosdoalgarve.pt\/fr\/?s={search_term_string}\"},\"query-input\":{\"@type\":\"PropertyValueSpecification\",\"valueRequired\":true,\"valueName\":\"search_term_string\"}}],\"inLanguage\":\"fr-FR\"},{\"@type\":\"Organization\",\"@id\":\"https:\/\/www.vinhosdoalgarve.pt\/fr\/#organization\",\"name\":\"Comiss\u00e3o de Vinhos do Algarve\",\"url\":\"https:\/\/www.vinhosdoalgarve.pt\/fr\/\",\"logo\":{\"@type\":\"ImageObject\",\"inLanguage\":\"fr-FR\",\"@id\":\"https:\/\/www.vinhosdoalgarve.pt\/fr\/#\/schema\/logo\/image\/\",\"url\":\"https:\/\/www.vinhosdoalgarve.pt\/wp-content\/uploads\/2023\/10\/logo-footer.svg\",\"contentUrl\":\"https:\/\/www.vinhosdoalgarve.pt\/wp-content\/uploads\/2023\/10\/logo-footer.svg\",\"width\":100,\"height\":245,\"caption\":\"Comiss\u00e3o de Vinhos do Algarve\"},\"image\":{\"@id\":\"https:\/\/www.vinhosdoalgarve.pt\/fr\/#\/schema\/logo\/image\/\"}},{\"@type\":\"Person\",\"@id\":\"https:\/\/www.vinhosdoalgarve.pt\/fr\/#\/schema\/person\/7fbdb5c90aba242e670ad51203903fe5\",\"name\":\"Eurico\",\"image\":{\"@type\":\"ImageObject\",\"inLanguage\":\"fr-FR\",\"@id\":\"https:\/\/www.vinhosdoalgarve.pt\/fr\/#\/schema\/person\/image\/\",\"url\":\"https:\/\/secure.gravatar.com\/avatar\/a6dd6c1bff29f6b3bf870d84de1dc1636f5c77f0a32a11f5623b898adba94a3e?s=96&d=mm&r=g\",\"contentUrl\":\"https:\/\/secure.gravatar.com\/avatar\/a6dd6c1bff29f6b3bf870d84de1dc1636f5c77f0a32a11f5623b898adba94a3e?s=96&d=mm&r=g\",\"caption\":\"Eurico\"},\"url\":\"https:\/\/www.vinhosdoalgarve.pt\/fr\/author\/euricowinecrushconsulting-com\/\"}]}<\/script>\n<!-- \/ Yoast SEO plugin. -->","yoast_head_json":{"title":"Les inscriptions sont ouvertes pour la XVIe \u00e9dition du Concours de Vins de l'Algarve - Comiss\u00e3o de Vinhos do Algarve","robots":{"index":"index","follow":"follow","max-snippet":"max-snippet:-1","max-image-preview":"max-image-preview:large","max-video-preview":"max-video-preview:-1"},"canonical":"https:\/\/www.vinhosdoalgarve.pt\/fr\/les-inscriptions-sont-ouvertes-pour-la-xvie-edition-du-concours-de-vins-de-lalgarve\/","og_locale":"fr_FR","og_type":"article","og_title":"Les inscriptions sont ouvertes pour la XVIe \u00e9dition du Concours de Vins de l'Algarve - Comiss\u00e3o de Vinhos do Algarve","og_description":"Les inscriptions sont ouvertes pour la XVIe \u00e9dition du Concours de Vins de l'Algarve","og_url":"https:\/\/www.vinhosdoalgarve.pt\/fr\/les-inscriptions-sont-ouvertes-pour-la-xvie-edition-du-concours-de-vins-de-lalgarve\/","og_site_name":"Comiss\u00e3o de Vinhos do Algarve","article_published_time":"2024-04-17T10:50:29+00:00","article_modified_time":"2024-04-17T10:52:31+00:00","og_image":[{"width":1080,"height":810,"url":"https:\/\/www.vinhosdoalgarve.pt\/wp-content\/uploads\/2024\/04\/421930536_1194153005272008_436204752105462707_n.jpg","type":"image\/jpeg"}],"author":"Eurico","twitter_card":"summary_large_image","twitter_misc":{"\u00c9crit par":"Eurico","Dur\u00e9e de lecture estim\u00e9e":"1 minute"},"schema":{"@context":"https:\/\/schema.org","@graph":[{"@type":"Article","@id":"https:\/\/www.vinhosdoalgarve.pt\/fr\/les-inscriptions-sont-ouvertes-pour-la-xvie-edition-du-concours-de-vins-de-lalgarve\/#article","isPartOf":{"@id":"https:\/\/www.vinhosdoalgarve.pt\/fr\/les-inscriptions-sont-ouvertes-pour-la-xvie-edition-du-concours-de-vins-de-lalgarve\/"},"author":{"name":"Eurico","@id":"https:\/\/www.vinhosdoalgarve.pt\/fr\/#\/schema\/person\/7fbdb5c90aba242e670ad51203903fe5"},"headline":"Les inscriptions sont ouvertes pour la XVIe \u00e9dition du Concours de Vins de l&rsquo;Algarve","datePublished":"2024-04-17T10:50:29+00:00","dateModified":"2024-04-17T10:52:31+00:00","mainEntityOfPage":{"@id":"https:\/\/www.vinhosdoalgarve.pt\/fr\/les-inscriptions-sont-ouvertes-pour-la-xvie-edition-du-concours-de-vins-de-lalgarve\/"},"wordCount":116,"publisher":{"@id":"https:\/\/www.vinhosdoalgarve.pt\/fr\/#organization"},"image":{"@id":"https:\/\/www.vinhosdoalgarve.pt\/fr\/les-inscriptions-sont-ouvertes-pour-la-xvie-edition-du-concours-de-vins-de-lalgarve\/#primaryimage"},"thumbnailUrl":"https:\/\/www.vinhosdoalgarve.pt\/wp-content\/uploads\/2024\/04\/421930536_1194153005272008_436204752105462707_n.jpg","articleSection":["Concours de Vin","\u00c9v\u00e9nements","La Commission","R\u00e9gion"],"inLanguage":"fr-FR"},{"@type":"WebPage","@id":"https:\/\/www.vinhosdoalgarve.pt\/fr\/les-inscriptions-sont-ouvertes-pour-la-xvie-edition-du-concours-de-vins-de-lalgarve\/","url":"https:\/\/www.vinhosdoalgarve.pt\/fr\/les-inscriptions-sont-ouvertes-pour-la-xvie-edition-du-concours-de-vins-de-lalgarve\/","name":"Les inscriptions sont ouvertes pour la XVIe \u00e9dition du Concours de Vins de l'Algarve - Comiss\u00e3o de Vinhos do Algarve","isPartOf":{"@id":"https:\/\/www.vinhosdoalgarve.pt\/fr\/#website"},"primaryImageOfPage":{"@id":"https:\/\/www.vinhosdoalgarve.pt\/fr\/les-inscriptions-sont-ouvertes-pour-la-xvie-edition-du-concours-de-vins-de-lalgarve\/#primaryimage"},"image":{"@id":"https:\/\/www.vinhosdoalgarve.pt\/fr\/les-inscriptions-sont-ouvertes-pour-la-xvie-edition-du-concours-de-vins-de-lalgarve\/#primaryimage"},"thumbnailUrl":"https:\/\/www.vinhosdoalgarve.pt\/wp-content\/uploads\/2024\/04\/421930536_1194153005272008_436204752105462707_n.jpg","datePublished":"2024-04-17T10:50:29+00:00","dateModified":"2024-04-17T10:52:31+00:00","breadcrumb":{"@id":"https:\/\/www.vinhosdoalgarve.pt\/fr\/les-inscriptions-sont-ouvertes-pour-la-xvie-edition-du-concours-de-vins-de-lalgarve\/#breadcrumb"},"inLanguage":"fr-FR","potentialAction":[{"@type":"ReadAction","target":["https:\/\/www.vinhosdoalgarve.pt\/fr\/les-inscriptions-sont-ouvertes-pour-la-xvie-edition-du-concours-de-vins-de-lalgarve\/"]}]},{"@type":"ImageObject","inLanguage":"fr-FR","@id":"https:\/\/www.vinhosdoalgarve.pt\/fr\/les-inscriptions-sont-ouvertes-pour-la-xvie-edition-du-concours-de-vins-de-lalgarve\/#primaryimage","url":"https:\/\/www.vinhosdoalgarve.pt\/wp-content\/uploads\/2024\/04\/421930536_1194153005272008_436204752105462707_n.jpg","contentUrl":"https:\/\/www.vinhosdoalgarve.pt\/wp-content\/uploads\/2024\/04\/421930536_1194153005272008_436204752105462707_n.jpg","width":1080,"height":810},{"@type":"BreadcrumbList","@id":"https:\/\/www.vinhosdoalgarve.pt\/fr\/les-inscriptions-sont-ouvertes-pour-la-xvie-edition-du-concours-de-vins-de-lalgarve\/#breadcrumb","itemListElement":[{"@type":"ListItem","position":1,"name":"Home","item":"https:\/\/www.vinhosdoalgarve.pt\/fr\/"},{"@type":"ListItem","position":2,"name":"Les inscriptions sont ouvertes pour la XVIe \u00e9dition du Concours de Vins de l&#8217;Algarve"}]},{"@type":"WebSite","@id":"https:\/\/www.vinhosdoalgarve.pt\/fr\/#website","url":"https:\/\/www.vinhosdoalgarve.pt\/fr\/","name":"Comiss\u00e3o de Vinhos do Algarve","description":"","publisher":{"@id":"https:\/\/www.vinhosdoalgarve.pt\/fr\/#organization"},"potentialAction":[{"@type":"SearchAction","target":{"@type":"EntryPoint","urlTemplate":"https:\/\/www.vinhosdoalgarve.pt\/fr\/?s={search_term_string}"},"query-input":{"@type":"PropertyValueSpecification","valueRequired":true,"valueName":"search_term_string"}}],"inLanguage":"fr-FR"},{"@type":"Organization","@id":"https:\/\/www.vinhosdoalgarve.pt\/fr\/#organization","name":"Comiss\u00e3o de Vinhos do Algarve","url":"https:\/\/www.vinhosdoalgarve.pt\/fr\/","logo":{"@type":"ImageObject","inLanguage":"fr-FR","@id":"https:\/\/www.vinhosdoalgarve.pt\/fr\/#\/schema\/logo\/image\/","url":"https:\/\/www.vinhosdoalgarve.pt\/wp-content\/uploads\/2023\/10\/logo-footer.svg","contentUrl":"https:\/\/www.vinhosdoalgarve.pt\/wp-content\/uploads\/2023\/10\/logo-footer.svg","width":100,"height":245,"caption":"Comiss\u00e3o de Vinhos do Algarve"},"image":{"@id":"https:\/\/www.vinhosdoalgarve.pt\/fr\/#\/schema\/logo\/image\/"}},{"@type":"Person","@id":"https:\/\/www.vinhosdoalgarve.pt\/fr\/#\/schema\/person\/7fbdb5c90aba242e670ad51203903fe5","name":"Eurico","image":{"@type":"ImageObject","inLanguage":"fr-FR","@id":"https:\/\/www.vinhosdoalgarve.pt\/fr\/#\/schema\/person\/image\/","url":"https:\/\/secure.gravatar.com\/avatar\/a6dd6c1bff29f6b3bf870d84de1dc1636f5c77f0a32a11f5623b898adba94a3e?s=96&d=mm&r=g","contentUrl":"https:\/\/secure.gravatar.com\/avatar\/a6dd6c1bff29f6b3bf870d84de1dc1636f5c77f0a32a11f5623b898adba94a3e?s=96&d=mm&r=g","caption":"Eurico"},"url":"https:\/\/www.vinhosdoalgarve.pt\/fr\/author\/euricowinecrushconsulting-com\/"}]}},"_links":{"self":[{"href":"https:\/\/www.vinhosdoalgarve.pt\/fr\/wp-json\/wp\/v2\/posts\/14208","targetHints":{"allow":["GET"]}}],"collection":[{"href":"https:\/\/www.vinhosdoalgarve.pt\/fr\/wp-json\/wp\/v2\/posts"}],"about":[{"href":"https:\/\/www.vinhosdoalgarve.pt\/fr\/wp-json\/wp\/v2\/types\/post"}],"author":[{"embeddable":true,"href":"https:\/\/www.vinhosdoalgarve.pt\/fr\/wp-json\/wp\/v2\/users\/3"}],"replies":[{"embeddable":true,"href":"https:\/\/www.vinhosdoalgarve.pt\/fr\/wp-json\/wp\/v2\/comments?post=14208"}],"version-history":[{"count":7,"href":"https:\/\/www.vinhosdoalgarve.pt\/fr\/wp-json\/wp\/v2\/posts\/14208\/revisions"}],"predecessor-version":[{"id":14215,"href":"https:\/\/www.vinhosdoalgarve.pt\/fr\/wp-json\/wp\/v2\/posts\/14208\/revisions\/14215"}],"wp:featuredmedia":[{"embeddable":true,"href":"https:\/\/www.vinhosdoalgarve.pt\/fr\/wp-json\/wp\/v2\/media\/13972"}],"wp:attachment":[{"href":"https:\/\/www.vinhosdoalgarve.pt\/fr\/wp-json\/wp\/v2\/media?parent=14208"}],"wp:term":[{"taxonomy":"category","embeddable":true,"href":"https:\/\/www.vinhosdoalgarve.pt\/fr\/wp-json\/wp\/v2\/categories?post=14208"},{"taxonomy":"post_tag","embeddable":true,"href":"https:\/\/www.vinhosdoalgarve.pt\/fr\/wp-json\/wp\/v2\/tags?post=14208"}],"curies":[{"name":"wp","href":"https:\/\/api.w.org\/{rel}","templated":true}]}}